{"id":2572,"date":"2026-03-02T15:31:17","date_gmt":"2026-03-02T15:31:17","guid":{"rendered":"https:\/\/investmentsab.com\/?p=2572"},"modified":"2026-04-07T16:13:21","modified_gmt":"2026-04-07T16:13:21","slug":"la-vii-expo-feria-jhs-del-instituto-universitario-jhs-estuvo-marcada-por-la-innovacion-y-el-compromiso","status":"publish","type":"post","link":"https:\/\/investmentsab.com\/index.php\/2026\/03\/02\/la-vii-expo-feria-jhs-del-instituto-universitario-jhs-estuvo-marcada-por-la-innovacion-y-el-compromiso\/","title":{"rendered":"Innovaci\u00f3n y compromiso marcan la VII Expo Feria de nuestros estudiantes"},"content":{"rendered":"\n<p>El Instituto Universitario de Tecnolog\u00eda Agroindustrial JHS celebr\u00f3 con \u00e9xito la s\u00e9ptima edici\u00f3n de su tradicional Expo Feria, un encuentro que este a\u00f1o se consolid\u00f3 como una vitrina de ingenio, sostenibilidad y talento joven. Los estudiantes de Producci\u00f3n Av\u00edcola y Producci\u00f3n Agroindustrial protagonizaron la jornada, presentando proyectos que trascienden el aula para ofrecer soluciones reales al mercado nacional.<\/p>\n\n\n\n<p>La creatividad estudiantil fue el eje central de la feria. Entre las propuestas destacaron productos en fase experimental, como un protector solar especializado dise\u00f1ado para proteger la piel de los trabajadores del campo, y un vino artesanal elaborado con moras cultivadas por los propios alumnos.<\/p>\n\n\n\n<p>M\u00e1s all\u00e1 de los productos, la Expo Feria fue un espacio para el intercambio de experiencias: Los estudiantes de III y IV semestre de Producci\u00f3n Av\u00edcola exhibieron stands detallando los logros t\u00e9cnicos obtenidos en sus periodos de formaci\u00f3n pr\u00e1ctica; mientras que los cursantes del V semestre compartieron el impacto de su servicio comunitario realizado en el Centro Geri\u00e1trico Tel\u00e9fora Pinto de Miranda, estado Carabobo, reafirmando el compromiso humano de la instituci\u00f3n.<\/p>\n\n\n\n<p>La jornada estuvo cargada de emotividad con la presentaci\u00f3n de las tesis de grado de los futuros T.S.U. en Producci\u00f3n Av\u00edcola, quienes, tras obtener resultados sobresalientes, celebraron su primera fotograf\u00eda oficial con las camisas de promoci\u00f3n.<\/p>\n\n\n\n<p>Como la \u00fanica empresa privada en el pa\u00eds con un instituto universitario subsidiado, JHS Agroindustria reafirm\u00f3 su apoyo a la educaci\u00f3n. Jos\u00e9 Lugo, coordinador de Gastronom\u00eda de la organizaci\u00f3n, manifest\u00f3: <em>\u201cEstoy feliz y orgulloso de ver la evoluci\u00f3n de los muchachos y los proyectos tan innovadores que est\u00e1n proponiendo\u201d<\/em>.<\/p>\n\n\n\n<p><strong>Cultura y crecimiento acad\u00e9mico<\/strong><\/p>\n\n\n\n<p>La apertura del evento estuvo marcada por la inclusi\u00f3n, gracias a la participaci\u00f3n de j\u00f3venes con condiciones especiales del Sistema de Orquestas, n\u00facleo Nirgua. La profesora de Coro, Ismaly Lozada Caro, destac\u00f3 la importancia de este v\u00ednculo: <em>\u201cCada uno, desde su trinchera est\u00e1 haciendo de este un mejor pa\u00eds, ustedes con educaci\u00f3n, nosotros a trav\u00e9s del arte\u201d<\/em>.<\/p>\n\n\n\n<p>El Instituto Universitario JHS proyecta un 2026 de expansi\u00f3n. Adem\u00e1s de egresar a su segunda promoci\u00f3n de T.S.U. en Producci\u00f3n Av\u00edcola, la instituci\u00f3n ya se prepara para recibir a la segunda cohorte de la carrera de Producci\u00f3n Agroindustrial, consolid\u00e1ndose como un referente educativo en el sector.<\/p>\n\n\n\n<p><\/p>\n","protected":false},"excerpt":{"rendered":"<p>El Instituto Universitario de Tecnolog\u00eda Agroindustrial JHS celebr\u00f3 con \u00e9xito la s\u00e9ptima edici\u00f3n de su tradicional Expo Feria, un encuentro que este a\u00f1o se consolid\u00f3 como una vitrina de ingenio, sostenibilidad y talento joven. Los estudiantes de Producci\u00f3n Av\u00edcola y Producci\u00f3n Agroindustrial protagonizaron la jornada, presentando proyectos que trascienden el aula para ofrecer soluciones reales al mercado nacional. La creatividad estudiantil fue el eje central de la feria. Entre las propuestas destacaron productos en fase experimental, como un protector solar especializado dise\u00f1ado para proteger la piel de los trabajadores del campo, y un vino artesanal elaborado con moras cultivadas por los propios alumnos. M\u00e1s all\u00e1 de los productos, la Expo Feria fue un espacio para el intercambio de experiencias: Los estudiantes de III y IV semestre de Producci\u00f3n Av\u00edcola exhibieron stands detallando los logros t\u00e9cnicos obtenidos en sus periodos de formaci\u00f3n pr\u00e1ctica; mientras que los cursantes del V semestre compartieron el impacto de su servicio comunitario realizado en el Centro Geri\u00e1trico Tel\u00e9fora Pinto de Miranda, estado Carabobo, reafirmando el compromiso humano de la instituci\u00f3n. La jornada estuvo cargada de emotividad con la presentaci\u00f3n de las tesis de grado de los futuros T.S.U. en Producci\u00f3n Av\u00edcola, quienes, tras obtener resultados sobresalientes, celebraron su primera fotograf\u00eda oficial con las camisas de promoci\u00f3n. Como la \u00fanica empresa privada en el pa\u00eds con un instituto universitario subsidiado, JHS Agroindustria reafirm\u00f3 su apoyo a la educaci\u00f3n. Jos\u00e9 Lugo, coordinador de Gastronom\u00eda de la organizaci\u00f3n, manifest\u00f3: \u201cEstoy feliz y orgulloso de ver la evoluci\u00f3n de los muchachos y los proyectos tan innovadores que est\u00e1n proponiendo\u201d. Cultura y crecimiento acad\u00e9mico La apertura del evento estuvo marcada por la inclusi\u00f3n, gracias a la participaci\u00f3n de j\u00f3venes con condiciones especiales del Sistema de Orquestas, n\u00facleo Nirgua. La profesora de Coro, Ismaly Lozada Caro, destac\u00f3 la importancia de este v\u00ednculo: \u201cCada uno, desde su trinchera est\u00e1 haciendo de este un mejor pa\u00eds, ustedes con educaci\u00f3n, nosotros a trav\u00e9s del arte\u201d. El Instituto Universitario JHS proyecta un 2026 de expansi\u00f3n. Adem\u00e1s de egresar a su segunda promoci\u00f3n de T.S.U. en Producci\u00f3n Av\u00edcola, la instituci\u00f3n ya se prepara para recibir a la segunda cohorte de la carrera de Producci\u00f3n Agroindustrial, consolid\u00e1ndose como un referente educativo en el sector.<\/p>\n","protected":false},"author":1,"featured_media":2573,"comment_status":"closed","ping_status":"closed","sticky":false,"template":"","format":"standard","meta":{"site-sidebar-layout":"default","site-content-layout":"","ast-site-content-layout":"default","site-content-style":"default","site-sidebar-style":"default","ast-global-header-display":"","ast-banner-title-visibility":"","ast-main-header-display":"","ast-hfb-above-header-display":"","ast-hfb-below-header-display":"","ast-hfb-mobile-header-display":"","site-post-title":"","ast-breadcrumbs-content":"","ast-featured-img":"","footer-sml-layout":"","ast-disable-related-posts":"","theme-transparent-header-meta":"","adv-header-id-meta":"","stick-header-meta":"","header-above-stick-meta":"","header-main-stick-meta":"","header-below-stick-meta":"","astra-migrate-meta-layouts":"default","ast-page-background-enabled":"default","ast-page-background-meta":{"desktop":{"background-color":"var(--ast-global-color-4)","background-image":"","background-repeat":"repeat","background-position":"center center","background-size":"auto","background-attachment":"scroll","background-type":"","background-media":"","overlay-type":"","overlay-color":"","overlay-opacity":"","overlay-gradient":""},"tablet":{"background-color":"","background-image":"","background-repeat":"repeat","background-position":"center center","background-size":"auto","background-attachment":"scroll","background-type":"","background-media":"","overlay-type":"","overlay-color":"","overlay-opacity":"","overlay-gradient":""},"mobile":{"background-color":"","background-image":"","background-repeat":"repeat","background-position":"center center","background-size":"auto","background-attachment":"scroll","background-type":"","background-media":"","overlay-type":"","overlay-color":"","overlay-opacity":"","overlay-gradient":""}},"ast-content-background-meta":{"desktop":{"background-color":"var(--ast-global-color-5)","background-image":"","background-repeat":"repeat","background-position":"center center","background-size":"auto","background-attachment":"scroll","background-type":"","background-media":"","overlay-type":"","overlay-color":"","overlay-opacity":"","overlay-gradient":""},"tablet":{"background-color":"var(--ast-global-color-5)","background-image":"","background-repeat":"repeat","background-position":"center center","background-size":"auto","background-attachment":"scroll","background-type":"","background-media":"","overlay-type":"","overlay-color":"","overlay-opacity":"","overlay-gradient":""},"mobile":{"background-color":"var(--ast-global-color-5)","background-image":"","background-repeat":"repeat","background-position":"center center","background-size":"auto","background-attachment":"scroll","background-type":"","background-media":"","overlay-type":"","overlay-color":"","overlay-opacity":"","overlay-gradient":""}},"footnotes":""},"categories":[69],"tags":[],"class_list":["post-2572","post","type-post","status-publish","format-standard","has-post-thumbnail","hentry","category-rse"],"_links":{"self":[{"href":"https:\/\/investmentsab.com\/index.php\/wp-json\/wp\/v2\/posts\/2572","targetHints":{"allow":["GET"]}}],"collection":[{"href":"https:\/\/investmentsab.com\/index.php\/wp-json\/wp\/v2\/posts"}],"about":[{"href":"https:\/\/investmentsab.com\/index.php\/wp-json\/wp\/v2\/types\/post"}],"author":[{"embeddable":true,"href":"https:\/\/investmentsab.com\/index.php\/wp-json\/wp\/v2\/users\/1"}],"replies":[{"embeddable":true,"href":"https:\/\/investmentsab.com\/index.php\/wp-json\/wp\/v2\/comments?post=2572"}],"version-history":[{"count":5,"href":"https:\/\/investmentsab.com\/index.php\/wp-json\/wp\/v2\/posts\/2572\/revisions"}],"predecessor-version":[{"id":2661,"href":"https:\/\/investmentsab.com\/index.php\/wp-json\/wp\/v2\/posts\/2572\/revisions\/2661"}],"wp:featuredmedia":[{"embeddable":true,"href":"https:\/\/investmentsab.com\/index.php\/wp-json\/wp\/v2\/media\/2573"}],"wp:attachment":[{"href":"https:\/\/investmentsab.com\/index.php\/wp-json\/wp\/v2\/media?parent=2572"}],"wp:term":[{"taxonomy":"category","embeddable":true,"href":"https:\/\/investmentsab.com\/index.php\/wp-json\/wp\/v2\/categories?post=2572"},{"taxonomy":"post_tag","embeddable":true,"href":"https:\/\/investmentsab.com\/index.php\/wp-json\/wp\/v2\/tags?post=2572"}],"curies":[{"name":"wp","href":"https:\/\/api.w.org\/{rel}","templated":true}]}}